{"id":2440,"date":"2024-04-27T01:08:31","date_gmt":"2024-04-27T01:08:31","guid":{"rendered":"https:\/\/ecoalab.org\/?p=2440"},"modified":"2025-04-26T08:20:34","modified_gmt":"2025-04-26T08:20:34","slug":"o-papel-das-areas-marinhas-protegidas-no-contexto-das-mudancas-climaticas","status":"publish","type":"post","link":"https:\/\/ecoalab.org\/en\/o-papel-das-areas-marinhas-protegidas-no-contexto-das-mudancas-climaticas\/","title":{"rendered":"O papel das \u00e1reas marinhas protegidas no contexto das mudan\u00e7as clim\u00e1ticas"},"content":{"rendered":"<p><em>Enquanto o antropoceno se desdobra a crise dos recifes de corais se aprofunda. Essa crise se deve ao fato de os recifes de corais estarem sendo pressionados por m\u00faltiplos estressores, hist\u00f3ricos e atuais, globais e locais. Uma das principais iniciativas utilizadas para lidar com esta crise tem sido a cria\u00e7\u00e3o de \u00e1reas marinhas protegidas (AMPs), por\u00e9m, ainda n\u00e3o sabemos como as AMP contribuem para a resili\u00eancia dos ecossistemas recifais frente \u00e0s amea\u00e7as globais. Desta forma, o nosso objetivo \u00e9 avaliar os efeitos de AMPs sobre o funcionamento dos recifes de corais em contextos de impactos como a pesca, branqueamento e invas\u00e3o de esp\u00e9cies. As m\u00e9tricas da din\u00e2mica funcional ser\u00e3o comparadas dentro e fora de \u00e1reas no-take em cen\u00e1rio de aquecimento da \u00e1gua e invas\u00e3o de esp\u00e9cies visando investigar potenciais diferen\u00e7as na forma como estes\u00a0processos se desenvolvem.<\/em><\/p>","protected":false},"excerpt":{"rendered":"<p>Enquanto o antropoceno se desdobra a crise dos recifes de corais se aprofunda. Essa crise se deve ao fato de [&hellip;]<\/p>","protected":false},"author":1,"featured_media":2448,"comment_status":"closed","ping_status":"open","sticky":false,"template":"","format":"standard","meta":{"_acf_changed":false,"site-sidebar-layout":"default","site-content-layout":"","ast-site-content-layout":"","site-content-style":"default","site-sidebar-style":"default","ast-global-header-display":"","ast-banner-title-visibility":"","ast-main-header-display":"","ast-hfb-above-header-display":"","ast-hfb-below-header-display":"","ast-hfb-mobile-header-display":"","site-post-title":"","ast-breadcrumbs-content":"","ast-featured-img":"","footer-sml-layout":"","theme-transparent-header-meta":"","adv-header-id-meta":"","stick-header-meta":"","header-above-stick-meta":"","header-main-stick-meta":"","header-below-stick-meta":"","astra-migrate-meta-layouts":"default","ast-page-background-enabled":"default","ast-page-background-meta":{"desktop":{"background-color":"var(--ast-global-color-4)","background-image":"","background-repeat":"repeat","background-position":"center center","background-size":"auto","background-attachment":"scroll","background-type":"","background-media":"","overlay-type":"","overlay-color":"","overlay-opacity":"","overlay-gradient":""},"tablet":{"background-color":"","background-image":"","background-repeat":"repeat","background-position":"center center","background-size":"auto","background-attachment":"scroll","background-type":"","background-media":"","overlay-type":"","overlay-color":"","overlay-opacity":"","overlay-gradient":""},"mobile":{"background-color":"","background-image":"","background-repeat":"repeat","background-position":"center center","background-size":"auto","background-attachment":"scroll","background-type":"","background-media":"","overlay-type":"","overlay-color":"","overlay-opacity":"","overlay-gradient":""}},"ast-content-background-meta":{"desktop":{"background-color":"var(--ast-global-color-5)","background-image":"","background-repeat":"repeat","background-position":"center center","background-size":"auto","background-attachment":"scroll","background-type":"","background-media":"","overlay-type":"","overlay-color":"","overlay-opacity":"","overlay-gradient":""},"tablet":{"background-color":"var(--ast-global-color-5)","background-image":"","background-repeat":"repeat","background-position":"center center","background-size":"auto","background-attachment":"scroll","background-type":"","background-media":"","overlay-type":"","overlay-color":"","overlay-opacity":"","overlay-gradient":""},"mobile":{"background-color":"var(--ast-global-color-5)","background-image":"","background-repeat":"repeat","background-position":"center center","background-size":"auto","background-attachment":"scroll","background-type":"","background-media":"","overlay-type":"","overlay-color":"","overlay-opacity":"","overlay-gradient":""}},"footnotes":""},"categories":[8],"tags":[],"class_list":["post-2440","post","type-post","status-publish","format-standard","has-post-thumbnail","hentry","category-ecologia-em-um-mundo-em-rapida-mudanca"],"acf":[],"yoast_head":"<!-- This site is optimized with the Yoast SEO plugin v24.7 - https:\/\/yoast.com\/wordpress\/plugins\/seo\/ -->\n<title>O papel das \u00e1reas marinhas protegidas no contexto das mudan\u00e7as clim\u00e1ticas - Ecoa Lab<\/title>\n<meta name=\"robots\" content=\"index, follow, max-snippet:-1, max-image-preview:large, max-video-preview:-1\" \/>\n<link rel=\"canonical\" href=\"https:\/\/ecoalab.org\/en\/o-papel-das-areas-marinhas-protegidas-no-contexto-das-mudancas-climaticas\/\" \/>\n<meta property=\"og:locale\" content=\"en_US\" \/>\n<meta property=\"og:type\" content=\"article\" \/>\n<meta property=\"og:title\" content=\"O papel das \u00e1reas marinhas protegidas no contexto das mudan\u00e7as clim\u00e1ticas - Ecoa Lab\" \/>\n<meta property=\"og:description\" content=\"Enquanto o antropoceno se desdobra a crise dos recifes de corais se aprofunda. Essa crise se deve ao fato de [&hellip;]\" \/>\n<meta property=\"og:url\" content=\"https:\/\/ecoalab.org\/en\/o-papel-das-areas-marinhas-protegidas-no-contexto-das-mudancas-climaticas\/\" \/>\n<meta property=\"og:site_name\" content=\"Ecoa Lab\" \/>\n<meta property=\"article:published_time\" content=\"2024-04-27T01:08:31+00:00\" \/>\n<meta property=\"article:modified_time\" content=\"2025-04-26T08:20:34+00:00\" \/>\n<meta property=\"og:image\" content=\"https:\/\/ecoalab.org\/wp-content\/uploads\/2024\/04\/img30.jpg\" \/>\n\t<meta property=\"og:image:width\" content=\"1353\" \/>\n\t<meta property=\"og:image:height\" content=\"827\" \/>\n\t<meta property=\"og:image:type\" content=\"image\/jpeg\" \/>\n<meta name=\"author\" content=\"leandro\" \/>\n<meta name=\"twitter:card\" content=\"summary_large_image\" \/>\n<meta name=\"twitter:label1\" content=\"Written by\" \/>\n\t<meta name=\"twitter:data1\" content=\"leandro\" \/>\n\t<meta name=\"twitter:label2\" content=\"Est. reading time\" \/>\n\t<meta name=\"twitter:data2\" content=\"1 minute\" \/>\n<script type=\"application\/ld+json\" class=\"yoast-schema-graph\">{\"@context\":\"https:\/\/schema.org\",\"@graph\":[{\"@type\":\"Article\",\"@id\":\"https:\/\/ecoalab.org\/o-papel-das-areas-marinhas-protegidas-no-contexto-das-mudancas-climaticas\/#article\",\"isPartOf\":{\"@id\":\"https:\/\/ecoalab.org\/o-papel-das-areas-marinhas-protegidas-no-contexto-das-mudancas-climaticas\/\"},\"author\":{\"name\":\"leandro\",\"@id\":\"https:\/\/ecoalab.org\/#\/schema\/person\/02343be1fa16faa679c4310f98a65cf8\"},\"headline\":\"O papel das \u00e1reas marinhas protegidas no contexto das mudan\u00e7as clim\u00e1ticas\",\"datePublished\":\"2024-04-27T01:08:31+00:00\",\"dateModified\":\"2025-04-26T08:20:34+00:00\",\"mainEntityOfPage\":{\"@id\":\"https:\/\/ecoalab.org\/o-papel-das-areas-marinhas-protegidas-no-contexto-das-mudancas-climaticas\/\"},\"wordCount\":165,\"publisher\":{\"@id\":\"https:\/\/ecoalab.org\/#organization\"},\"image\":{\"@id\":\"https:\/\/ecoalab.org\/o-papel-das-areas-marinhas-protegidas-no-contexto-das-mudancas-climaticas\/#primaryimage\"},\"thumbnailUrl\":\"https:\/\/ecoalab.org\/wp-content\/uploads\/2024\/04\/img30.jpg\",\"articleSection\":[\"Ecologia em um mundo em r\u00e1pida mudan\u00e7a\"],\"inLanguage\":\"en-US\"},{\"@type\":\"WebPage\",\"@id\":\"https:\/\/ecoalab.org\/o-papel-das-areas-marinhas-protegidas-no-contexto-das-mudancas-climaticas\/\",\"url\":\"https:\/\/ecoalab.org\/o-papel-das-areas-marinhas-protegidas-no-contexto-das-mudancas-climaticas\/\",\"name\":\"O papel das \u00e1reas marinhas protegidas no contexto das mudan\u00e7as clim\u00e1ticas - Ecoa Lab\",\"isPartOf\":{\"@id\":\"https:\/\/ecoalab.org\/#website\"},\"primaryImageOfPage\":{\"@id\":\"https:\/\/ecoalab.org\/o-papel-das-areas-marinhas-protegidas-no-contexto-das-mudancas-climaticas\/#primaryimage\"},\"image\":{\"@id\":\"https:\/\/ecoalab.org\/o-papel-das-areas-marinhas-protegidas-no-contexto-das-mudancas-climaticas\/#primaryimage\"},\"thumbnailUrl\":\"https:\/\/ecoalab.org\/wp-content\/uploads\/2024\/04\/img30.jpg\",\"datePublished\":\"2024-04-27T01:08:31+00:00\",\"dateModified\":\"2025-04-26T08:20:34+00:00\",\"breadcrumb\":{\"@id\":\"https:\/\/ecoalab.org\/o-papel-das-areas-marinhas-protegidas-no-contexto-das-mudancas-climaticas\/#breadcrumb\"},\"inLanguage\":\"en-US\",\"potentialAction\":[{\"@type\":\"ReadAction\",\"target\":[\"https:\/\/ecoalab.org\/o-papel-das-areas-marinhas-protegidas-no-contexto-das-mudancas-climaticas\/\"]}]},{\"@type\":\"ImageObject\",\"inLanguage\":\"en-US\",\"@id\":\"https:\/\/ecoalab.org\/o-papel-das-areas-marinhas-protegidas-no-contexto-das-mudancas-climaticas\/#primaryimage\",\"url\":\"https:\/\/ecoalab.org\/wp-content\/uploads\/2024\/04\/img30.jpg\",\"contentUrl\":\"https:\/\/ecoalab.org\/wp-content\/uploads\/2024\/04\/img30.jpg\",\"width\":1353,\"height\":827},{\"@type\":\"BreadcrumbList\",\"@id\":\"https:\/\/ecoalab.org\/o-papel-das-areas-marinhas-protegidas-no-contexto-das-mudancas-climaticas\/#breadcrumb\",\"itemListElement\":[{\"@type\":\"ListItem\",\"position\":1,\"name\":\"Home\",\"item\":\"https:\/\/ecoalab.org\/\"},{\"@type\":\"ListItem\",\"position\":2,\"name\":\"O papel das \u00e1reas marinhas protegidas no contexto das mudan\u00e7as clim\u00e1ticas\"}]},{\"@type\":\"WebSite\",\"@id\":\"https:\/\/ecoalab.org\/#website\",\"url\":\"https:\/\/ecoalab.org\/\",\"name\":\"Ecoa Lab\",\"description\":\"Laborat\u00f3rio de Ecologia e Conserva\u00e7\u00e3o no Antropoceno\",\"publisher\":{\"@id\":\"https:\/\/ecoalab.org\/#organization\"},\"potentialAction\":[{\"@type\":\"SearchAction\",\"target\":{\"@type\":\"EntryPoint\",\"urlTemplate\":\"https:\/\/ecoalab.org\/?s={search_term_string}\"},\"query-input\":{\"@type\":\"PropertyValueSpecification\",\"valueRequired\":true,\"valueName\":\"search_term_string\"}}],\"inLanguage\":\"en-US\"},{\"@type\":\"Organization\",\"@id\":\"https:\/\/ecoalab.org\/#organization\",\"name\":\"Ecoa Lab\",\"url\":\"https:\/\/ecoalab.org\/\",\"logo\":{\"@type\":\"ImageObject\",\"inLanguage\":\"en-US\",\"@id\":\"https:\/\/ecoalab.org\/#\/schema\/logo\/image\/\",\"url\":\"https:\/\/ecoalab.org\/wp-content\/uploads\/2024\/03\/logo.svg\",\"contentUrl\":\"https:\/\/ecoalab.org\/wp-content\/uploads\/2024\/03\/logo.svg\",\"width\":148,\"height\":86,\"caption\":\"Ecoa Lab\"},\"image\":{\"@id\":\"https:\/\/ecoalab.org\/#\/schema\/logo\/image\/\"}},{\"@type\":\"Person\",\"@id\":\"https:\/\/ecoalab.org\/#\/schema\/person\/02343be1fa16faa679c4310f98a65cf8\",\"name\":\"leandro\",\"image\":{\"@type\":\"ImageObject\",\"inLanguage\":\"en-US\",\"@id\":\"https:\/\/ecoalab.org\/#\/schema\/person\/image\/\",\"url\":\"https:\/\/ecoalab.org\/wp-content\/litespeed\/avatar\/c0bdd4b6dc4e740166080ec781a1de91.jpg?ver=1777438548\",\"contentUrl\":\"https:\/\/ecoalab.org\/wp-content\/litespeed\/avatar\/c0bdd4b6dc4e740166080ec781a1de91.jpg?ver=1777438548\",\"caption\":\"leandro\"},\"sameAs\":[\"http:\/\/ecoalab.org\"],\"url\":\"https:\/\/ecoalab.org\/en\/author\/leandro\/\"}]}<\/script>\n<!-- \/ Yoast SEO plugin. -->","yoast_head_json":{"title":"O papel das \u00e1reas marinhas protegidas no contexto das mudan\u00e7as clim\u00e1ticas - Ecoa Lab","robots":{"index":"index","follow":"follow","max-snippet":"max-snippet:-1","max-image-preview":"max-image-preview:large","max-video-preview":"max-video-preview:-1"},"canonical":"https:\/\/ecoalab.org\/en\/o-papel-das-areas-marinhas-protegidas-no-contexto-das-mudancas-climaticas\/","og_locale":"en_US","og_type":"article","og_title":"O papel das \u00e1reas marinhas protegidas no contexto das mudan\u00e7as clim\u00e1ticas - Ecoa Lab","og_description":"Enquanto o antropoceno se desdobra a crise dos recifes de corais se aprofunda. Essa crise se deve ao fato de [&hellip;]","og_url":"https:\/\/ecoalab.org\/en\/o-papel-das-areas-marinhas-protegidas-no-contexto-das-mudancas-climaticas\/","og_site_name":"Ecoa Lab","article_published_time":"2024-04-27T01:08:31+00:00","article_modified_time":"2025-04-26T08:20:34+00:00","og_image":[{"width":1353,"height":827,"url":"https:\/\/ecoalab.org\/wp-content\/uploads\/2024\/04\/img30.jpg","type":"image\/jpeg"}],"author":"leandro","twitter_card":"summary_large_image","twitter_misc":{"Written by":"leandro","Est. reading time":"1 minute"},"schema":{"@context":"https:\/\/schema.org","@graph":[{"@type":"Article","@id":"https:\/\/ecoalab.org\/o-papel-das-areas-marinhas-protegidas-no-contexto-das-mudancas-climaticas\/#article","isPartOf":{"@id":"https:\/\/ecoalab.org\/o-papel-das-areas-marinhas-protegidas-no-contexto-das-mudancas-climaticas\/"},"author":{"name":"leandro","@id":"https:\/\/ecoalab.org\/#\/schema\/person\/02343be1fa16faa679c4310f98a65cf8"},"headline":"O papel das \u00e1reas marinhas protegidas no contexto das mudan\u00e7as clim\u00e1ticas","datePublished":"2024-04-27T01:08:31+00:00","dateModified":"2025-04-26T08:20:34+00:00","mainEntityOfPage":{"@id":"https:\/\/ecoalab.org\/o-papel-das-areas-marinhas-protegidas-no-contexto-das-mudancas-climaticas\/"},"wordCount":165,"publisher":{"@id":"https:\/\/ecoalab.org\/#organization"},"image":{"@id":"https:\/\/ecoalab.org\/o-papel-das-areas-marinhas-protegidas-no-contexto-das-mudancas-climaticas\/#primaryimage"},"thumbnailUrl":"https:\/\/ecoalab.org\/wp-content\/uploads\/2024\/04\/img30.jpg","articleSection":["Ecologia em um mundo em r\u00e1pida mudan\u00e7a"],"inLanguage":"en-US"},{"@type":"WebPage","@id":"https:\/\/ecoalab.org\/o-papel-das-areas-marinhas-protegidas-no-contexto-das-mudancas-climaticas\/","url":"https:\/\/ecoalab.org\/o-papel-das-areas-marinhas-protegidas-no-contexto-das-mudancas-climaticas\/","name":"O papel das \u00e1reas marinhas protegidas no contexto das mudan\u00e7as clim\u00e1ticas - Ecoa Lab","isPartOf":{"@id":"https:\/\/ecoalab.org\/#website"},"primaryImageOfPage":{"@id":"https:\/\/ecoalab.org\/o-papel-das-areas-marinhas-protegidas-no-contexto-das-mudancas-climaticas\/#primaryimage"},"image":{"@id":"https:\/\/ecoalab.org\/o-papel-das-areas-marinhas-protegidas-no-contexto-das-mudancas-climaticas\/#primaryimage"},"thumbnailUrl":"https:\/\/ecoalab.org\/wp-content\/uploads\/2024\/04\/img30.jpg","datePublished":"2024-04-27T01:08:31+00:00","dateModified":"2025-04-26T08:20:34+00:00","breadcrumb":{"@id":"https:\/\/ecoalab.org\/o-papel-das-areas-marinhas-protegidas-no-contexto-das-mudancas-climaticas\/#breadcrumb"},"inLanguage":"en-US","potentialAction":[{"@type":"ReadAction","target":["https:\/\/ecoalab.org\/o-papel-das-areas-marinhas-protegidas-no-contexto-das-mudancas-climaticas\/"]}]},{"@type":"ImageObject","inLanguage":"en-US","@id":"https:\/\/ecoalab.org\/o-papel-das-areas-marinhas-protegidas-no-contexto-das-mudancas-climaticas\/#primaryimage","url":"https:\/\/ecoalab.org\/wp-content\/uploads\/2024\/04\/img30.jpg","contentUrl":"https:\/\/ecoalab.org\/wp-content\/uploads\/2024\/04\/img30.jpg","width":1353,"height":827},{"@type":"BreadcrumbList","@id":"https:\/\/ecoalab.org\/o-papel-das-areas-marinhas-protegidas-no-contexto-das-mudancas-climaticas\/#breadcrumb","itemListElement":[{"@type":"ListItem","position":1,"name":"Home","item":"https:\/\/ecoalab.org\/"},{"@type":"ListItem","position":2,"name":"O papel das \u00e1reas marinhas protegidas no contexto das mudan\u00e7as clim\u00e1ticas"}]},{"@type":"WebSite","@id":"https:\/\/ecoalab.org\/#website","url":"https:\/\/ecoalab.org\/","name":"Ecoa Lab","description":"Laborat\u00f3rio de Ecologia e Conserva\u00e7\u00e3o no Antropoceno","publisher":{"@id":"https:\/\/ecoalab.org\/#organization"},"potentialAction":[{"@type":"SearchAction","target":{"@type":"EntryPoint","urlTemplate":"https:\/\/ecoalab.org\/?s={search_term_string}"},"query-input":{"@type":"PropertyValueSpecification","valueRequired":true,"valueName":"search_term_string"}}],"inLanguage":"en-US"},{"@type":"Organization","@id":"https:\/\/ecoalab.org\/#organization","name":"Ecoa Lab","url":"https:\/\/ecoalab.org\/","logo":{"@type":"ImageObject","inLanguage":"en-US","@id":"https:\/\/ecoalab.org\/#\/schema\/logo\/image\/","url":"https:\/\/ecoalab.org\/wp-content\/uploads\/2024\/03\/logo.svg","contentUrl":"https:\/\/ecoalab.org\/wp-content\/uploads\/2024\/03\/logo.svg","width":148,"height":86,"caption":"Ecoa Lab"},"image":{"@id":"https:\/\/ecoalab.org\/#\/schema\/logo\/image\/"}},{"@type":"Person","@id":"https:\/\/ecoalab.org\/#\/schema\/person\/02343be1fa16faa679c4310f98a65cf8","name":"leandro","image":{"@type":"ImageObject","inLanguage":"en-US","@id":"https:\/\/ecoalab.org\/#\/schema\/person\/image\/","url":"https:\/\/ecoalab.org\/wp-content\/litespeed\/avatar\/c0bdd4b6dc4e740166080ec781a1de91.jpg?ver=1777438548","contentUrl":"https:\/\/ecoalab.org\/wp-content\/litespeed\/avatar\/c0bdd4b6dc4e740166080ec781a1de91.jpg?ver=1777438548","caption":"leandro"},"sameAs":["http:\/\/ecoalab.org"],"url":"https:\/\/ecoalab.org\/en\/author\/leandro\/"}]}},"_links":{"self":[{"href":"https:\/\/ecoalab.org\/en\/wp-json\/wp\/v2\/posts\/2440","targetHints":{"allow":["GET"]}}],"collection":[{"href":"https:\/\/ecoalab.org\/en\/wp-json\/wp\/v2\/posts"}],"about":[{"href":"https:\/\/ecoalab.org\/en\/wp-json\/wp\/v2\/types\/post"}],"author":[{"embeddable":true,"href":"https:\/\/ecoalab.org\/en\/wp-json\/wp\/v2\/users\/1"}],"replies":[{"embeddable":true,"href":"https:\/\/ecoalab.org\/en\/wp-json\/wp\/v2\/comments?post=2440"}],"version-history":[{"count":1,"href":"https:\/\/ecoalab.org\/en\/wp-json\/wp\/v2\/posts\/2440\/revisions"}],"predecessor-version":[{"id":2441,"href":"https:\/\/ecoalab.org\/en\/wp-json\/wp\/v2\/posts\/2440\/revisions\/2441"}],"wp:featuredmedia":[{"embeddable":true,"href":"https:\/\/ecoalab.org\/en\/wp-json\/wp\/v2\/media\/2448"}],"wp:attachment":[{"href":"https:\/\/ecoalab.org\/en\/wp-json\/wp\/v2\/media?parent=2440"}],"wp:term":[{"taxonomy":"category","embeddable":true,"href":"https:\/\/ecoalab.org\/en\/wp-json\/wp\/v2\/categories?post=2440"},{"taxonomy":"post_tag","embeddable":true,"href":"https:\/\/ecoalab.org\/en\/wp-json\/wp\/v2\/tags?post=2440"}],"curies":[{"name":"wp","href":"https:\/\/api.w.org\/{rel}","templated":true}]}}